{"id":14715,"date":"2023-09-14T19:05:23","date_gmt":"2023-09-14T17:05:23","guid":{"rendered":"https:\/\/www.suiteinn.it\/settimana-europea-mobilita-sostenibile-2023-fiab-udine\/"},"modified":"2023-09-18T17:28:59","modified_gmt":"2023-09-18T15:28:59","slug":"settimana-europea-mobilita-sostenibile-2023-fiab-udine","status":"publish","type":"post","link":"https:\/\/www.suiteinn.it\/de\/archivio-de\/settimana-europea-mobilita-sostenibile-2023-fiab-udine\/","title":{"rendered":"Settimana Europea Mobilit\u00e0 Sostenibile 2023 Fiab Udine"},"content":{"rendered":"\t\t<div data-elementor-type=\"wp-post\" data-elementor-id=\"14715\" class=\"elementor elementor-14715 elementor-14643\" data-elementor-post-type=\"post\">\n\t\t\t\t\t\t<section class=\"elementor-section elementor-top-section elementor-element elementor-element-5a87836 elementor-section-boxed elementor-section-height-default elementor-section-height-default\" data-id=\"5a87836\" data-element_type=\"section\" data-e-type=\"section\">\n\t\t\t\t\t\t<div class=\"elementor-container elementor-column-gap-default\">\n\t\t\t\t\t<div class=\"elementor-column elementor-col-100 elementor-top-column elementor-element elementor-element-f590c16\" data-id=\"f590c16\" data-element_type=\"column\" data-e-type=\"column\">\n\t\t\t<div class=\"elementor-widget-wrap elementor-element-populated\">\n\t\t\t\t\t\t<div class=\"elementor-element elementor-element-d37c6a7 elementor-widget elementor-widget-spacer\" data-id=\"d37c6a7\" data-element_type=\"widget\" data-e-type=\"widget\" data-widget_type=\"spacer.default\">\n\t\t\t\t<div class=\"elementor-widget-container\">\n\t\t\t\t\t\t\t<div class=\"elementor-spacer\">\n\t\t\t<div class=\"elementor-spacer-inner\"><\/div>\n\t\t<\/div>\n\t\t\t\t\t\t<\/div>\n\t\t\t\t<\/div>\n\t\t\t\t\t<\/div>\n\t\t<\/div>\n\t\t\t\t\t<\/div>\n\t\t<\/section>\n\t\t\t\t<section class=\"elementor-section elementor-top-section elementor-element elementor-element-a27666 elementor-section-boxed elementor-section-height-default elementor-section-height-default\" data-id=\"a27666\" data-element_type=\"section\" data-e-type=\"section\">\n\t\t\t\t\t\t<div class=\"elementor-container elementor-column-gap-default\">\n\t\t\t\t\t<div class=\"elementor-column elementor-col-100 elementor-top-column elementor-element elementor-element-46de4b94\" data-id=\"46de4b94\" data-element_type=\"column\" data-e-type=\"column\">\n\t\t\t<div class=\"elementor-widget-wrap elementor-element-populated\">\n\t\t\t\t\t\t<div class=\"elementor-element elementor-element-720bd4b7 elementor-widget elementor-widget-text-editor\" data-id=\"720bd4b7\" data-element_type=\"widget\" data-e-type=\"widget\" data-widget_type=\"text-editor.default\">\n\t\t\t\t<div class=\"elementor-widget-container\">\n\t\t\t\t\t\t\t\t\t<h2><em><strong>IL CORAGGIO DI CAMBIARE PASSO <br \/>serata evento\u00a0 in occasione della <br \/>Settimana Europea della Mobilit\u00e0 Sostenibile <\/strong>2023 Udine<br \/><\/em><\/h2><h4><em>Venerd\u00ec <\/em><em>22 Settembre<\/em> 2023,<em> dalle h. 18.00 presso il VISIONARIO, via Asquini 33 Udine:<br \/><\/em><em>una serata a alto tasso di motivazione e adrenalina, con ospiti speciali e la proiezione <\/em>del film in Prima visione in Italia<\/h4><p><strong>&#8222;No Legs.All Heart&#8220; (2023,Usa) la storia vera di Andr\u00e8 Kajlich, ultraciclista<\/strong> protagonista della pi\u00f9 iconica delle corse in <strong>bicicletta da costa a costa degli Stati Uniti, la Race Across America<\/strong> e altrespedizioni outdoor estreme in handbike in autosufficienza.<br \/><br \/>Il Film <strong>livello internazionale<\/strong> \u00e8 stato presentato e ha riconoscimenti nei pi\u00f9 <em>importanti festival del genere in Europa e Stati Uniti<\/em>. Il fine\u00a0 \u00e8 promuovere una <strong>riflessione aperta sulla nuova cultura della mobilit\u00e0<\/strong> e <strong>accessibilit\u00e0 della citt\u00e0 di Udine<\/strong> e del suo territorio<em><strong>. <\/strong><\/em><\/p><p><em><strong>Ingresso libero su prenotazione posto.<br \/><\/strong><\/em>La proiezione del film &#8220; NO LEGS.ALL HEART&#8220; sar\u00e0 introdotta da una conversazione con <br \/><strong>\u00a0l&#8217;Assessore Regione Friuli Venezia Giulia alla Cultura, Mario Anzil<\/strong><br \/><strong>e l\u2019Assessore Comune di Udine a Lavori Pubblici, Viabilit\u00e0, Ivano Marchiol e Alberto Deana, Presidente Fiab Udine con Andr\u00e8 Kajlich, presente in sala. <\/strong><br \/>Moderatore <strong>Michele Menegon<\/strong>, nota voce radiofonica, professionista arguto della comunicazione e lui stesso triatleta e partecipante a diverse edizioni di Ironman; <strong>firma i Podcast \u201cUdinesi Dentro\u201d<\/strong>\u00a0 persone e avvenimenti di attualit\u00e0 della citt\u00e0 di Udine.<\/p><p>La serata \u00e8 dedicata al &#8222;CORAGGIO DI CAMBIARE PASSO&#8220; e il Film &#8222;No Legs.All Heart&#8220;e la testimonianza diretta di Andr\u00e8 Kajlich sono infatti una occasione per trattare<strong> la accessibilit\u00e0 in termini di mobilit\u00e0.<\/strong><\/p><p>Andr\u00e8 Kajlich ha cambiato il suo stile di vita e i suoi obiettivi nella vita privata e<br \/>professionale e si presenta con una storia intensa e avvenimenti improvvisi che hanno determinato grandi cambiamenti e momenti di grande difficolt\u00e0, superati poi da traguardi di sport e di vita.<\/p><p><em><strong>&#8222;Siamo tutti uguali nelle difficolt\u00e0 e abbiamo il controllo solo di una cosa sola: il nostro atteggiamento, l&#8217;unica cosa che pu\u00f2 fare la differenza nei confronti dei momenti pi\u00f9 difficili della vita\u201d <\/strong>dice Andr\u00e8 Kajlich.<\/em><br \/>Il suo<strong> coraggio<\/strong> sapr\u00e0 ispirare a scelte importanti gli amministratori pubblici chiamati a definire l<strong>&#8218;urbanesimo della bicicletta e una nuova cultura del muoversi<\/strong> integrando diverse modalit\u00e0 di trasporto, per viaggi sostenibili e vite rispettose dell&#8217;ambiente?<\/p><p>La serata con proiezione\u00a0 di &#8222;No Legs. All Heart&#8220; \u00e8 realizzata con la partecipazione di <strong>Hotel Suite Inn, Albergabici Fiab e bike hotel in Udine.<\/strong><br \/>&#8222;Un film \u00e8 uno strumento di comunicazione di messaggi e di ispirazione grandissima, la storia personale e sportiva di Andr\u00e8 riunisce molti messaggi legati anche a una necessaria cultura della mobilit\u00e0 e della convivenza di diversi stili di vita e trasporto possibili e accessibili anche economicamente all&#8217;interno di una comunit\u00e0; <br \/>la realizzazione di una <strong>bike economy e una bike community<\/strong> per una destinazione come <strong>Udine, crocevia di diverse modalit\u00e0 di trasporto e turismo<\/strong> \u00e8 una opportunit\u00e0 che ben si abbina alla nostra citt\u00e0 <strong>Udine, <\/strong>capoluogo del <strong>Friuli<\/strong> e hub di <strong>mobilit\u00e0 sostenibile<\/strong>&#8220; spiega <strong>Giuliana Ganzini, Direzione Hotel Suite Inn Udine.<\/strong><\/p><p><strong>Hotel Suite Inn<\/strong> \u00e8 convintamente<strong> Bike Hotel e Albergabici Fiab,<\/strong> <br \/>con servizi dedicati per gli associati FIAB e in generale per tutti i cicloviaggiatori in Italia.<\/p><h4><strong>Chi \u00e8 Andr\u00e8 Kajlich?<\/strong> <br \/>&#8220; Andr\u00e8 \u00e8 una persona come noi, ma \u00e8 diventato famoso in USA come ultracyclist, per competizioni estreme di endurance in bicicletta e e non solo come modello di<br \/>ispirazione e coraggio nel cambiare modo di muoversi sulle due ruote e con la bicicletta come compagna di<br \/>trasporto e di avventura estrema.<br \/>Dal 2003 a oggi, \u00e8 diventato uno degli atleti sulla lunga distanza con maggiori risultati e successi al mondo:<br \/>ha vinto il campionato mondiale Ironman nella divisione Handbike,<br \/>ha portato a compimento il campionato mondiale Ultraman, \u00e8 a oggi l&#8217;unico ciclista solista a aver<br \/>completato la iconica Race Across America ( RAAM).<\/h4><p><strong>La Race Across America (RAAM)<\/strong> \u00e8 uno degli eventi di <strong>ultra-endurance <\/strong>pi\u00f9 rispettati e pi\u00f9 longevi al mondo e <strong>sfida gli ultra-ciclisti di tutto il mondo a spingere i propri limiti fisici e mentali fino alle estreme conseguenze.<\/strong><\/p><p>La RAAM \u00e8 aperta a amatori e corridori professionisti, in solitaria, in squadre di 2, 4 e 8 persone. <strong>La prima RAAM si \u00e8 svolta nel 1982.<\/strong><\/p><p><strong>ANDRE KAJLICH ha concluso la RAAM di 4828 kilometri il 25 giugno del 2017, dopo 12 giorni, 16 ore e 18 <\/strong><strong>Minuti , 10.09 mph average \/ media oraria di 16 kilometri ca.<\/strong><\/p><p>La sua pi\u00f9 recente avventura \u00e8 stata in Argentina in relazione al sua personale sfida:<br \/>viaggiare dal punto pi\u00f9 basso a quello pi\u00f9 alto in tutti e sette i continenti.<br \/>Lo ha gi\u00e0 fatto appunto in Sud America assieme a altri 2 compagni di viaggio partiti dalla Laguna del Carbon, nel sud dell&#8217;Argentina e arrivando alla vetta di Aconcagua nelle Ande, la montagna pi\u00f9 alta al di fuori dell&#8217;Himalaya.<br \/><strong>Andr\u00e8 Kajlich \u00e8 brand Ambassador di <\/strong><strong>Lowest Highest Foundation<\/strong>, fondazione con base in California,USA, che si occupa di una <strong>promozione dei diritti della disabilit\u00e0 nel mondo<\/strong> anche fornendo supporto economico per persone che necessitano di ausili per partecipare nuovamente alla vita della propria comunit\u00e0 di persone.<\/p><p><em><strong>Cos&#8217;\u00e8 SEMS SEttimana Europea della Mobilit\u00e0 Sostenibile?<\/strong><\/em><br \/>Dal 16 al 22 settembre 2023 in tutta Italia, le associazioni locali di FIAB animeranno un calendario di decine<br \/>di eventi in tantissime citt\u00e0 per avvicinare sempre pi\u00f9 persone alla mobilit\u00e0 ciclistica e alla mobilit\u00e0 attiva in generale. Dalla Car Free Week al Park(ing) Day passando per la<em><strong> Giornata Nazionale del Bike to Work!<\/strong><\/em><br \/><br \/><em><strong>Cos&#8217;\u00e8 FIAB?<\/strong><\/em><br \/>Federazione Italiana Ambiente e Bicicletta \u00e8 una associazione su base nazionale e sedi a base volontaria sul territorio.<br \/>\u201cQuest\u2019anno la SEM assume un significato particolare poich\u00e9 la mobilit\u00e0 attiva viene costantemente<br \/>contrastata dall\u2019attuale Governo, un fatto gravissimo e inedito \u2013 dichiara Valeria Lorenzelli Vicepresidente FIAB. \u2013 Nell\u2019ultima legge di stabilit\u00e0 \u00e8 stato cancellato il fondo da 90 milioni per le ciclabili urbane comunali, poi sono stati tagliati i 400 milioni del PNRR per le ciclovie turistiche e con il DDL di modifica del Codice della Strada si mira a reprimere e scoraggiare l\u2019uso della bici, eliminare gli autovelox e rendere di fatto impossibili le ZTL in ambito urbano. Bisogna fermare questa deriva irresponsabile che rende le nostre strade meno sicure e acuisce la dipendenza degli italiani dai combustibili fossili e dal caro carburante\u201d.<\/p><p>Questa \u00e8 il contesto nel quale si terr\u00e0 la nuova edizione della S<strong>ettimana Europea della Mobilit\u00e0<\/strong>. Da sempre l\u2019appuntamento ispira un<em><strong> cambiamento in positivo nella societ\u00e0 civile e nella politica.<\/strong><\/em> Persone pi\u00f9 attive e in salute, citt\u00e0 pi\u00f9 vivibili e strade pi\u00f9 sicure, meno trafficate e inquinate, dove lo <strong>spazio viene restituito alle persone e alla socialit\u00e0,<\/strong> sono alcuni dei benefici dell\u2019utilizzo della <strong>bicicletta<\/strong> negli spostamenti quotidiani.\u201d<\/p>\t\t\t\t\t\t\t\t<\/div>\n\t\t\t\t<\/div>\n\t\t\t\t\t<\/div>\n\t\t<\/div>\n\t\t\t\t\t<\/div>\n\t\t<\/section>\n\t\t\t\t<section class=\"elementor-section elementor-top-section elementor-element elementor-element-dd8453c elementor-section-boxed elementor-section-height-default elementor-section-height-default\" data-id=\"dd8453c\" data-element_type=\"section\" data-e-type=\"section\">\n\t\t\t\t\t\t<div class=\"elementor-container elementor-column-gap-default\">\n\t\t\t\t\t<div class=\"elementor-column elementor-col-50 elementor-top-column elementor-element elementor-element-b37cac7\" data-id=\"b37cac7\" data-element_type=\"column\" data-e-type=\"column\">\n\t\t\t<div class=\"elementor-widget-wrap elementor-element-populated\">\n\t\t\t\t\t\t<div class=\"elementor-element elementor-element-7465c43 elementor-align-center elementor-widget elementor-widget-button\" data-id=\"7465c43\" data-element_type=\"widget\" data-e-type=\"widget\" data-widget_type=\"button.default\">\n\t\t\t\t<div class=\"elementor-widget-container\">\n\t\t\t\t\t\t\t\t\t<div class=\"elementor-button-wrapper\">\n\t\t\t\t\t<a class=\"elementor-button elementor-button-link elementor-size-md\" href=\"https:\/\/www.suiteinn.it\/wp-content\/uploads\/2023\/09\/SEMS-invito-docufilm-retro.png\" target=\"_blank\">\n\t\t\t\t\t\t<span class=\"elementor-button-content-wrapper\">\n\t\t\t\t\t\t\t\t\t<span class=\"elementor-button-text\">SCARICA LA LOCANDINA<\/span>\n\t\t\t\t\t<\/span>\n\t\t\t\t\t<\/a>\n\t\t\t\t<\/div>\n\t\t\t\t\t\t\t\t<\/div>\n\t\t\t\t<\/div>\n\t\t\t\t\t<\/div>\n\t\t<\/div>\n\t\t\t\t<div class=\"elementor-column elementor-col-50 elementor-top-column elementor-element elementor-element-ab4dbad\" data-id=\"ab4dbad\" data-element_type=\"column\" data-e-type=\"column\">\n\t\t\t<div class=\"elementor-widget-wrap elementor-element-populated\">\n\t\t\t\t\t\t<div class=\"elementor-element elementor-element-5c0bcf0 elementor-align-center elementor-widget elementor-widget-button\" data-id=\"5c0bcf0\" data-element_type=\"widget\" data-e-type=\"widget\" data-widget_type=\"button.default\">\n\t\t\t\t<div class=\"elementor-widget-container\">\n\t\t\t\t\t\t\t\t\t<div class=\"elementor-button-wrapper\">\n\t\t\t\t\t<a class=\"elementor-button elementor-button-link elementor-size-md\" href=\"https:\/\/www.suiteinn.it\/wp-content\/uploads\/2023\/09\/SEMS-programma-locandina.png\" target=\"_blank\">\n\t\t\t\t\t\t<span class=\"elementor-button-content-wrapper\">\n\t\t\t\t\t\t\t\t\t<span class=\"elementor-button-text\">SCARICA IL PROGRAMMA<\/span>\n\t\t\t\t\t<\/span>\n\t\t\t\t\t<\/a>\n\t\t\t\t<\/div>\n\t\t\t\t\t\t\t\t<\/div>\n\t\t\t\t<\/div>\n\t\t\t\t\t<\/div>\n\t\t<\/div>\n\t\t\t\t\t<\/div>\n\t\t<\/section>\n\t\t\t\t<section class=\"elementor-section elementor-top-section elementor-element elementor-element-f714aca elementor-section-boxed elementor-section-height-default elementor-section-height-default\" data-id=\"f714aca\" data-element_type=\"section\" data-e-type=\"section\">\n\t\t\t\t\t\t<div class=\"elementor-container elementor-column-gap-default\">\n\t\t\t\t\t<div class=\"elementor-column elementor-col-50 elementor-top-column elementor-element elementor-element-c6da116\" data-id=\"c6da116\" data-element_type=\"column\" data-e-type=\"column\">\n\t\t\t<div class=\"elementor-widget-wrap elementor-element-populated\">\n\t\t\t\t\t\t<div class=\"elementor-element elementor-element-22580b8 elementor-widget elementor-widget-audio\" data-id=\"22580b8\" data-element_type=\"widget\" data-e-type=\"widget\" data-widget_type=\"audio.default\">\n\t\t\t\t<div class=\"elementor-widget-container\">\n\t\t\t\t\t\t\t\t<div class=\"elementor-soundcloud-wrapper\">\n\t\t\t\t<blockquote class=\"wp-embedded-content\" data-secret=\"cAspgcomwC\"><a href=\"https:\/\/udinepodcast.it\/podcast\/andre-kajlich-coraggio-sfide-e-una-nuova-casa-a-udine\/\" rel=\"nofollow noopener\" target=\"_blank\">Andr\u00e9 Kajlich: Coraggio, sfide e una nuova casa a Udine<\/a><\/blockquote><iframe sandbox=\"allow-scripts\" src=\"https:\/\/udinepodcast.it\/podcast\/andre-kajlich-coraggio-sfide-e-una-nuova-casa-a-udine\/embed\/?auto_play=false&#038;buying=true&#038;liking=true&#038;download=true&#038;sharing=true&#038;show_comments=true&#038;show_playcount=true&#038;show_user=true&#038;show_artwork=false&#038;color#?secret=jPqin8mVtq#?secret=cAspgcomwC\" width=\"600\" height=\"338\" frameborder=\"0\"><\/iframe>\t\t\t<\/div>\n\t\t\t\t\t\t\t<\/div>\n\t\t\t\t<\/div>\n\t\t\t\t\t<\/div>\n\t\t<\/div>\n\t\t\t\t<div class=\"elementor-column elementor-col-50 elementor-top-column elementor-element elementor-element-b004c86\" data-id=\"b004c86\" data-element_type=\"column\" data-e-type=\"column\">\n\t\t\t<div class=\"elementor-widget-wrap\">\n\t\t\t\t\t\t\t<\/div>\n\t\t<\/div>\n\t\t\t\t\t<\/div>\n\t\t<\/section>\n\t\t\t\t<\/div>\n\t\t","protected":false},"excerpt":{"rendered":"<p>Evento il 22 settembre 2023 a Udine Visionario dalle ore 18.00 con Dibattito e Proiezione film &#8222;NO LEGS. ALL HEART&#8220; di Andr\u00e8 Kajlich (USA 2023) nel programma SEMS 2023 Udine Fiab con Hotel Suite Inn Bike Hotel Partner della Settimana Europea della Mobilit\u00e0 Sosteenibile Udine 2023. Il programma Sems 2023 ha il patrocinio del Comune di Udine. <\/p>\n","protected":false},"author":5,"featured_media":14713,"comment_status":"closed","ping_status":"open","sticky":false,"template":"","format":"standard","meta":{"ocean_post_layout":"","ocean_both_sidebars_style":"","ocean_both_sidebars_content_width":0,"ocean_both_sidebars_sidebars_width":0,"ocean_sidebar":"0","ocean_second_sidebar":"0","ocean_disable_margins":"enable","ocean_add_body_class":"","ocean_shortcode_before_top_bar":"","ocean_shortcode_after_top_bar":"","ocean_shortcode_before_header":"","ocean_shortcode_after_header":"","ocean_has_shortcode":"","ocean_shortcode_after_title":"","ocean_shortcode_before_footer_widgets":"","ocean_shortcode_after_footer_widgets":"","ocean_shortcode_before_footer_bottom":"","ocean_shortcode_after_footer_bottom":"","ocean_display_top_bar":"default","ocean_display_header":"default","ocean_header_style":"","ocean_center_header_left_menu":"0","ocean_custom_header_template":"7643","ocean_custom_logo":0,"ocean_custom_retina_logo":0,"ocean_custom_logo_max_width":0,"ocean_custom_logo_tablet_max_width":0,"ocean_custom_logo_mobile_max_width":0,"ocean_custom_logo_max_height":0,"ocean_custom_logo_tablet_max_height":0,"ocean_custom_logo_mobile_max_height":0,"ocean_header_custom_menu":"0","ocean_menu_typo_font_family":"0","ocean_menu_typo_font_subset":"","ocean_menu_typo_font_size":0,"ocean_menu_typo_font_size_tablet":0,"ocean_menu_typo_font_size_mobile":0,"ocean_menu_typo_font_size_unit":"px","ocean_menu_typo_font_weight":"","ocean_menu_typo_font_weight_tablet":"","ocean_menu_typo_font_weight_mobile":"","ocean_menu_typo_transform":"","ocean_menu_typo_transform_tablet":"","ocean_menu_typo_transform_mobile":"","ocean_menu_typo_line_height":0,"ocean_menu_typo_line_height_tablet":0,"ocean_menu_typo_line_height_mobile":0,"ocean_menu_typo_line_height_unit":"","ocean_menu_typo_spacing":0,"ocean_menu_typo_spacing_tablet":0,"ocean_menu_typo_spacing_mobile":0,"ocean_menu_typo_spacing_unit":"","ocean_menu_link_color":"","ocean_menu_link_color_hover":"","ocean_menu_link_color_active":"","ocean_menu_link_background":"","ocean_menu_link_hover_background":"","ocean_menu_link_active_background":"","ocean_menu_social_links_bg":"","ocean_menu_social_hover_links_bg":"","ocean_menu_social_links_color":"","ocean_menu_social_hover_links_color":"","ocean_disable_title":"on","ocean_disable_heading":"default","ocean_post_title":"","ocean_post_subheading":"","ocean_post_title_style":"","ocean_post_title_background_color":"","ocean_post_title_background":0,"ocean_post_title_bg_image_position":"","ocean_post_title_bg_image_attachment":"","ocean_post_title_bg_image_repeat":"","ocean_post_title_bg_image_size":"","ocean_post_title_height":0,"ocean_post_title_bg_overlay":0.5,"ocean_post_title_bg_overlay_color":"","ocean_disable_breadcrumbs":"off","ocean_breadcrumbs_color":"","ocean_breadcrumbs_separator_color":"","ocean_breadcrumbs_links_color":"","ocean_breadcrumbs_links_hover_color":"","ocean_display_footer_widgets":"default","ocean_display_footer_bottom":"default","ocean_custom_footer_template":"0","ocean_post_oembed":"","ocean_post_self_hosted_media":"","ocean_post_video_embed":"","ocean_link_format":"","ocean_link_format_target":"self","ocean_quote_format":"","ocean_quote_format_link":"post","ocean_gallery_link_images":"off","ocean_gallery_id":[14666],"footnotes":""},"categories":[76,77],"tags":[],"class_list":["post-14715","post","type-post","status-publish","format-standard","has-post-thumbnail","hentry","category-archivio-de","category-offerte-eventi-de","entry","has-media"],"_links":{"self":[{"href":"https:\/\/www.suiteinn.it\/de\/wp-json\/wp\/v2\/posts\/14715","targetHints":{"allow":["GET"]}}],"collection":[{"href":"https:\/\/www.suiteinn.it\/de\/wp-json\/wp\/v2\/posts"}],"about":[{"href":"https:\/\/www.suiteinn.it\/de\/wp-json\/wp\/v2\/types\/post"}],"author":[{"embeddable":true,"href":"https:\/\/www.suiteinn.it\/de\/wp-json\/wp\/v2\/users\/5"}],"replies":[{"embeddable":true,"href":"https:\/\/www.suiteinn.it\/de\/wp-json\/wp\/v2\/comments?post=14715"}],"version-history":[{"count":0,"href":"https:\/\/www.suiteinn.it\/de\/wp-json\/wp\/v2\/posts\/14715\/revisions"}],"wp:featuredmedia":[{"embeddable":true,"href":"https:\/\/www.suiteinn.it\/de\/wp-json\/wp\/v2\/media\/14713"}],"wp:attachment":[{"href":"https:\/\/www.suiteinn.it\/de\/wp-json\/wp\/v2\/media?parent=14715"}],"wp:term":[{"taxonomy":"category","embeddable":true,"href":"https:\/\/www.suiteinn.it\/de\/wp-json\/wp\/v2\/categories?post=14715"},{"taxonomy":"post_tag","embeddable":true,"href":"https:\/\/www.suiteinn.it\/de\/wp-json\/wp\/v2\/tags?post=14715"}],"curies":[{"name":"wp","href":"https:\/\/api.w.org\/{rel}","templated":true}]}}